{"id":70,"date":"2021-10-10T21:13:00","date_gmt":"2021-10-11T02:13:00","guid":{"rendered":"https:\/\/adanruiz.com\/noticias\/?p=70"},"modified":"2022-02-10T21:14:35","modified_gmt":"2022-02-11T03:14:35","slug":"nubes-volcan-premio-del-jurado","status":"publish","type":"post","link":"https:\/\/adanruiz.com\/noticias\/nubes-volcan-premio-del-jurado\/","title":{"rendered":"Las Nubes bajo el Volc\u00e1n gana Premio del Jurado en Libre Cinema Festival"},"content":{"rendered":"\n<p>El jurado compuesto por M\u00f3nica Molano y Pablo Escoto otorg\u00f3 a Las Nubes bajo el Volc\u00e1n el premio de la VI edici\u00f3n de Libre Cinema Festival, llevado a cabo en la ciudad de M\u00e9rida, Yucat\u00e1n en octubre pasado.<\/p>\n","protected":false},"excerpt":{"rendered":"<p>El jurado compuesto por M\u00f3nica Molano y Pablo Escoto otorg\u00f3 a Las Nubes bajo el Volc\u00e1n el premio de la VI edici\u00f3n de Libre Cinema Festival, llevado a cabo en la ciudad de M\u00e9rida, Yucat\u00e1n en octubre pasado.<\/p>\n","protected":false},"author":1,"featured_media":71,"comment_status":"open","ping_status":"open","sticky":false,"template":"","format":"standard","meta":{"footnotes":""},"categories":[3],"tags":[6],"class_list":["post-70","post","type-post","status-publish","format-standard","has-post-thumbnail","hentry","category-prensa","tag-las-nubes-bajo-el-volcan"],"_links":{"self":[{"href":"https:\/\/adanruiz.com\/noticias\/wp-json\/wp\/v2\/posts\/70","targetHints":{"allow":["GET"]}}],"collection":[{"href":"https:\/\/adanruiz.com\/noticias\/wp-json\/wp\/v2\/posts"}],"about":[{"href":"https:\/\/adanruiz.com\/noticias\/wp-json\/wp\/v2\/types\/post"}],"author":[{"embeddable":true,"href":"https:\/\/adanruiz.com\/noticias\/wp-json\/wp\/v2\/users\/1"}],"replies":[{"embeddable":true,"href":"https:\/\/adanruiz.com\/noticias\/wp-json\/wp\/v2\/comments?post=70"}],"version-history":[{"count":1,"href":"https:\/\/adanruiz.com\/noticias\/wp-json\/wp\/v2\/posts\/70\/revisions"}],"predecessor-version":[{"id":72,"href":"https:\/\/adanruiz.com\/noticias\/wp-json\/wp\/v2\/posts\/70\/revisions\/72"}],"wp:featuredmedia":[{"embeddable":true,"href":"https:\/\/adanruiz.com\/noticias\/wp-json\/wp\/v2\/media\/71"}],"wp:attachment":[{"href":"https:\/\/adanruiz.com\/noticias\/wp-json\/wp\/v2\/media?parent=70"}],"wp:term":[{"taxonomy":"category","embeddable":true,"href":"https:\/\/adanruiz.com\/noticias\/wp-json\/wp\/v2\/categories?post=70"},{"taxonomy":"post_tag","embeddable":true,"href":"https:\/\/adanruiz.com\/noticias\/wp-json\/wp\/v2\/tags?post=70"}],"curies":[{"name":"wp","href":"https:\/\/api.w.org\/{rel}","templated":true}]}}