{"id":65,"date":"2021-12-17T21:04:00","date_gmt":"2021-12-18T03:04:00","guid":{"rendered":"https:\/\/adanruiz.com\/noticias\/?p=65"},"modified":"2022-02-10T21:06:10","modified_gmt":"2022-02-11T03:06:10","slug":"nubes-volcan-gana-mencion-argentina","status":"publish","type":"post","link":"https:\/\/adanruiz.com\/noticias\/nubes-volcan-gana-mencion-argentina\/","title":{"rendered":"Las Nubes bajo el Volc\u00e1n gana Menci\u00f3n Especial en Argentina"},"content":{"rendered":"\n<p>La pel\u00edcula ha recibido una menci\u00f3n durante la pasada edici\u00f3n del FICA Festival Internacional de Cine Austral en C\u00f3rdoba, Argentina. <\/p>\n\n\n\n<p>El comit\u00e9 de premiaci\u00f3n le dedic\u00f3 la siguiente resonancia:<\/p>\n\n\n\n<blockquote class=\"wp-block-quote is-layout-flow wp-block-quote-is-layout-flow\"><p>&#8220;Los lugares que habitamos, las cosas y lo intangible merecen ser narradas. En este documental los seres humanos son el dispositivo para acercarse a un lugar imponente del cual apenas conocemos el nombre.&#8221;<\/p><\/blockquote>\n\n\n\n<p><\/p>\n","protected":false},"excerpt":{"rendered":"<p>La pel\u00edcula ha recibido una menci\u00f3n durante la pasada edici\u00f3n del FICA Festival Internacional de Cine Austral en C\u00f3rdoba, Argentina. El comit\u00e9 de premiaci\u00f3n le dedic\u00f3 la siguiente resonancia: &#8220;Los lugares que habitamos, las cosas y lo intangible merecen ser narradas. En este documental los seres humanos son el dispositivo para acercarse a un lugar [&hellip;]<\/p>\n","protected":false},"author":1,"featured_media":67,"comment_status":"open","ping_status":"open","sticky":false,"template":"","format":"standard","meta":{"footnotes":""},"categories":[3],"tags":[6],"class_list":["post-65","post","type-post","status-publish","format-standard","has-post-thumbnail","hentry","category-prensa","tag-las-nubes-bajo-el-volcan"],"_links":{"self":[{"href":"https:\/\/adanruiz.com\/noticias\/wp-json\/wp\/v2\/posts\/65","targetHints":{"allow":["GET"]}}],"collection":[{"href":"https:\/\/adanruiz.com\/noticias\/wp-json\/wp\/v2\/posts"}],"about":[{"href":"https:\/\/adanruiz.com\/noticias\/wp-json\/wp\/v2\/types\/post"}],"author":[{"embeddable":true,"href":"https:\/\/adanruiz.com\/noticias\/wp-json\/wp\/v2\/users\/1"}],"replies":[{"embeddable":true,"href":"https:\/\/adanruiz.com\/noticias\/wp-json\/wp\/v2\/comments?post=65"}],"version-history":[{"count":2,"href":"https:\/\/adanruiz.com\/noticias\/wp-json\/wp\/v2\/posts\/65\/revisions"}],"predecessor-version":[{"id":69,"href":"https:\/\/adanruiz.com\/noticias\/wp-json\/wp\/v2\/posts\/65\/revisions\/69"}],"wp:featuredmedia":[{"embeddable":true,"href":"https:\/\/adanruiz.com\/noticias\/wp-json\/wp\/v2\/media\/67"}],"wp:attachment":[{"href":"https:\/\/adanruiz.com\/noticias\/wp-json\/wp\/v2\/media?parent=65"}],"wp:term":[{"taxonomy":"category","embeddable":true,"href":"https:\/\/adanruiz.com\/noticias\/wp-json\/wp\/v2\/categories?post=65"},{"taxonomy":"post_tag","embeddable":true,"href":"https:\/\/adanruiz.com\/noticias\/wp-json\/wp\/v2\/tags?post=65"}],"curies":[{"name":"wp","href":"https:\/\/api.w.org\/{rel}","templated":true}]}}