{"id":34,"date":"2020-03-10T00:05:25","date_gmt":"2020-03-10T00:05:25","guid":{"rendered":"https:\/\/adanruiz.com\/noticias\/?p=34"},"modified":"2020-04-23T02:08:31","modified_gmt":"2020-04-23T02:08:31","slug":"sobre-susurros-del-lago","status":"publish","type":"post","link":"https:\/\/adanruiz.com\/noticias\/sobre-susurros-del-lago\/","title":{"rendered":"Sobre &#8220;Susurros del Lago&#8221;"},"content":{"rendered":"\n<p>\u201cSusurros del Lago\u201d es un cortometraje que filmamos a finales del 2018 y terminamos a mediados de 2019, sin embargo, es un proyecto que ven\u00eda gest\u00e1ndose desde hace cerca de 8 a\u00f1os. Es una pel\u00edcula que habla de un pescador meditativo y la relaci\u00f3n taumat\u00fargica que \u00e9ste y la comunidad p&#8217;urh\u00e9pecha que habita la isla mantiene con el lago, el ente que influenc\u00eda de manera econ\u00f3mica, pol\u00edtica, social y espiritual a cada individuo de la zona.<br><\/p>\n\n\n\n<p>El pueblo p&#8217;urh\u00e9pecha es una comunidad con una gran m\u00edstica: en su idioma no existe un parentesco ling\u00fc\u00edstico cercano con alg\u00fan otro de los idiomas hablados en M\u00e9xico. La referencia m\u00e1s pr\u00f3xima se encuentra en el Per\u00fa -otra cultura nacida en un lago-, situaci\u00f3n que ha dado lugar a mitolog\u00edas de migraci\u00f3n alucinantes apoyadas por uno de sus c\u00f3dices m\u00e1s antiguos: el lienzo de Jucut\u00e1cato. Los p&#8217;urh\u00e9pechas son conocidos por su tradici\u00f3n en relaci\u00f3n a la muerte, pero es curioso que muy poco m\u00e1s sabemos de ellos. La informaci\u00f3n que tenemos tiene que ver con el proceso de aculturaci\u00f3n que sufrieron posterior a la conquista espa\u00f1ola, y a diferencia de la mayor\u00eda de los pueblos originarios en M\u00e9xico, casi toda la historia mesoamericana previa a esto es desconocida.<br><\/p>\n\n\n\n<p>En Susurros del Lago prescindimos del uso de di\u00e1logos y nos enfocamos en el aspecto metaf\u00edsico que se manten\u00eda en el aura de la isla y el cuerpo de agua circundante. Priorizamos una imagen altamente estilizada con un sonido conformado por cientos de capas para exaltar la m\u00edstica en esta historia, que es la historia de un lago en donde el protagonista mira y escucha todas las voces: las voces de alegr\u00eda, tristeza, dolor y gozo. Cuando escucha atentamente y no hace suya ninguna de esas voces [cuando medita], la suma de todas es un \u00fanico sonido, es la corriente de la vida.<br><\/p>\n\n\n\n<p>Esperamos transmitir en cada uno de ustedes ese poderoso sentir que envolvi\u00f3 nuestra presencia en la isla a trav\u00e9s de nuestra pel\u00edcula, que hicimos como una exploraci\u00f3n est\u00e9tica sobre muchos temas ontol\u00f3gicos que nos preocupaban en ese momento.<\/p>\n\n\n\n<p><\/p>\n\n\n\n<p class=\"has-text-align-right\">Ad\u00e1n Ruiz.<br><\/p>\n","protected":false},"excerpt":{"rendered":"<p>\u201cSusurros del Lago\u201d es un cortometraje que filmamos a finales del 2018 y terminamos a mediados de 2019, sin embargo, es un proyecto que ven\u00eda gest\u00e1ndose desde hace cerca de 8 a\u00f1os. Es una pel\u00edcula que habla de un pescador meditativo y la relaci\u00f3n taumat\u00fargica que \u00e9ste y la comunidad p&#8217;urh\u00e9pecha que habita la isla [&hellip;]<\/p>\n","protected":false},"author":1,"featured_media":37,"comment_status":"open","ping_status":"open","sticky":false,"template":"","format":"standard","meta":{"footnotes":""},"categories":[4],"tags":[5,7],"class_list":["post-34","post","type-post","status-publish","format-standard","has-post-thumbnail","hentry","category-notas","tag-susurros-del-lago","tag-whispers-of-the-lake"],"_links":{"self":[{"href":"https:\/\/adanruiz.com\/noticias\/wp-json\/wp\/v2\/posts\/34","targetHints":{"allow":["GET"]}}],"collection":[{"href":"https:\/\/adanruiz.com\/noticias\/wp-json\/wp\/v2\/posts"}],"about":[{"href":"https:\/\/adanruiz.com\/noticias\/wp-json\/wp\/v2\/types\/post"}],"author":[{"embeddable":true,"href":"https:\/\/adanruiz.com\/noticias\/wp-json\/wp\/v2\/users\/1"}],"replies":[{"embeddable":true,"href":"https:\/\/adanruiz.com\/noticias\/wp-json\/wp\/v2\/comments?post=34"}],"version-history":[{"count":3,"href":"https:\/\/adanruiz.com\/noticias\/wp-json\/wp\/v2\/posts\/34\/revisions"}],"predecessor-version":[{"id":40,"href":"https:\/\/adanruiz.com\/noticias\/wp-json\/wp\/v2\/posts\/34\/revisions\/40"}],"wp:featuredmedia":[{"embeddable":true,"href":"https:\/\/adanruiz.com\/noticias\/wp-json\/wp\/v2\/media\/37"}],"wp:attachment":[{"href":"https:\/\/adanruiz.com\/noticias\/wp-json\/wp\/v2\/media?parent=34"}],"wp:term":[{"taxonomy":"category","embeddable":true,"href":"https:\/\/adanruiz.com\/noticias\/wp-json\/wp\/v2\/categories?post=34"},{"taxonomy":"post_tag","embeddable":true,"href":"https:\/\/adanruiz.com\/noticias\/wp-json\/wp\/v2\/tags?post=34"}],"curies":[{"name":"wp","href":"https:\/\/api.w.org\/{rel}","templated":true}]}}