{"id":30,"date":"2019-09-16T17:40:00","date_gmt":"2019-09-16T22:40:00","guid":{"rendered":"https:\/\/adanruiz.com\/noticias\/?p=30"},"modified":"2021-10-13T01:04:04","modified_gmt":"2021-10-13T06:04:04","slug":"la-mariachi-gratis-por-tiempo-limitado-en-filminlatino","status":"publish","type":"post","link":"https:\/\/adanruiz.com\/noticias\/la-mariachi-gratis-por-tiempo-limitado-en-filminlatino\/","title":{"rendered":"La Mariachi, gratis por tiempo limitado en Filminlatino"},"content":{"rendered":"\n<p><\/p>\n\n\n\n<figure class=\"wp-block-image\"><img loading=\"lazy\" decoding=\"async\" width=\"1024\" height=\"382\" src=\"https:\/\/adanruiz.com\/noticias\/wp-content\/uploads\/2019\/09\/Screen-Shot-2019-09-16-at-12.14.50-PM-1024x382.png\" alt=\"\" class=\"wp-image-31\" srcset=\"https:\/\/adanruiz.com\/noticias\/wp-content\/uploads\/2019\/09\/Screen-Shot-2019-09-16-at-12.14.50-PM-1024x382.png 1024w, https:\/\/adanruiz.com\/noticias\/wp-content\/uploads\/2019\/09\/Screen-Shot-2019-09-16-at-12.14.50-PM-300x112.png 300w, https:\/\/adanruiz.com\/noticias\/wp-content\/uploads\/2019\/09\/Screen-Shot-2019-09-16-at-12.14.50-PM-768x286.png 768w, https:\/\/adanruiz.com\/noticias\/wp-content\/uploads\/2019\/09\/Screen-Shot-2019-09-16-at-12.14.50-PM-1568x584.png 1568w\" sizes=\"auto, (max-width: 1024px) 100vw, 1024px\" \/><\/figure>\n\n\n\n<p>El documental &#8220;La Mariachi&#8221; de Ad\u00e1n Ruiz estar\u00e1 disponible en la plataforma &#8220;Filminlatino&#8221; operada por el IMCINE a partir del 16 de septiembre y hasta el d\u00eda 23 del mismo mes. <\/p>\n\n\n\n<p>El visionado digital es posible gracias al Festival DOQUMENTA MX, que  puso a disposici\u00f3n del p\u00fablico varias de las pel\u00edculas seleccionadas en su pasada edici\u00f3n.<\/p>\n\n\n\n<p>Para ver el documental sin costo es necesario registrarse en el sitio:<\/p>\n\n\n\n<p><a href=\"https:\/\/www.filminlatino.mx\/corto\/la-mariachi\">https:\/\/www.filminlatino.mx\/corto\/la-mariachi<\/a><\/p>\n\n\n\n<p><\/p>\n","protected":false},"excerpt":{"rendered":"<p>El documental &#8220;La Mariachi&#8221; de Ad\u00e1n Ruiz estar\u00e1 disponible en la plataforma &#8220;Filminlatino&#8221; operada por el IMCINE a partir del 16 de septiembre y hasta el d\u00eda 23 del mismo mes. El visionado digital es posible gracias al Festival DOQUMENTA MX, que puso a disposici\u00f3n del p\u00fablico varias de las pel\u00edculas seleccionadas en su pasada [&hellip;]<\/p>\n","protected":false},"author":1,"featured_media":0,"comment_status":"open","ping_status":"open","sticky":false,"template":"","format":"standard","meta":{"footnotes":""},"categories":[4],"tags":[9,10],"class_list":["post-30","post","type-post","status-publish","format-standard","hentry","category-notas","tag-la-mariachi","tag-the-mariachi-woman"],"_links":{"self":[{"href":"https:\/\/adanruiz.com\/noticias\/wp-json\/wp\/v2\/posts\/30","targetHints":{"allow":["GET"]}}],"collection":[{"href":"https:\/\/adanruiz.com\/noticias\/wp-json\/wp\/v2\/posts"}],"about":[{"href":"https:\/\/adanruiz.com\/noticias\/wp-json\/wp\/v2\/types\/post"}],"author":[{"embeddable":true,"href":"https:\/\/adanruiz.com\/noticias\/wp-json\/wp\/v2\/users\/1"}],"replies":[{"embeddable":true,"href":"https:\/\/adanruiz.com\/noticias\/wp-json\/wp\/v2\/comments?post=30"}],"version-history":[{"count":1,"href":"https:\/\/adanruiz.com\/noticias\/wp-json\/wp\/v2\/posts\/30\/revisions"}],"predecessor-version":[{"id":32,"href":"https:\/\/adanruiz.com\/noticias\/wp-json\/wp\/v2\/posts\/30\/revisions\/32"}],"wp:attachment":[{"href":"https:\/\/adanruiz.com\/noticias\/wp-json\/wp\/v2\/media?parent=30"}],"wp:term":[{"taxonomy":"category","embeddable":true,"href":"https:\/\/adanruiz.com\/noticias\/wp-json\/wp\/v2\/categories?post=30"},{"taxonomy":"post_tag","embeddable":true,"href":"https:\/\/adanruiz.com\/noticias\/wp-json\/wp\/v2\/tags?post=30"}],"curies":[{"name":"wp","href":"https:\/\/api.w.org\/{rel}","templated":true}]}}