{"id":16,"date":"2014-01-23T21:13:02","date_gmt":"2014-01-23T21:13:02","guid":{"rendered":"https:\/\/adanruiz.com\/noticias\/?p=16"},"modified":"2019-03-01T21:15:11","modified_gmt":"2019-03-01T21:15:11","slug":"inauguraran-la-exposicion-arte-digital-y-periodismo-grafico-en-el-macaz-la-jornada","status":"publish","type":"post","link":"https:\/\/adanruiz.com\/noticias\/inauguraran-la-exposicion-arte-digital-y-periodismo-grafico-en-el-macaz-la-jornada\/","title":{"rendered":"Inaugurar\u00e1n la Exposici\u00f3n Arte Digital y Periodismo Gr\u00e1fico en el MACAZ &#8211; La Jornada"},"content":{"rendered":"\n<figure class=\"wp-block-image\"><img loading=\"lazy\" decoding=\"async\" width=\"1130\" height=\"1497\" src=\"https:\/\/adanruiz.com\/noticias\/wp-content\/uploads\/2019\/03\/LaJornada.jpg\" alt=\"\" class=\"wp-image-17\" srcset=\"https:\/\/adanruiz.com\/noticias\/wp-content\/uploads\/2019\/03\/LaJornada.jpg 1130w, https:\/\/adanruiz.com\/noticias\/wp-content\/uploads\/2019\/03\/LaJornada-226x300.jpg 226w, https:\/\/adanruiz.com\/noticias\/wp-content\/uploads\/2019\/03\/LaJornada-768x1017.jpg 768w, https:\/\/adanruiz.com\/noticias\/wp-content\/uploads\/2019\/03\/LaJornada-773x1024.jpg 773w\" sizes=\"auto, (max-width: 1130px) 100vw, 1130px\" \/><\/figure>\n","protected":false},"excerpt":{"rendered":"","protected":false},"author":1,"featured_media":0,"comment_status":"open","ping_status":"open","sticky":false,"template":"","format":"standard","meta":{"footnotes":""},"categories":[3],"tags":[],"class_list":["post-16","post","type-post","status-publish","format-standard","hentry","category-prensa"],"_links":{"self":[{"href":"https:\/\/adanruiz.com\/noticias\/wp-json\/wp\/v2\/posts\/16","targetHints":{"allow":["GET"]}}],"collection":[{"href":"https:\/\/adanruiz.com\/noticias\/wp-json\/wp\/v2\/posts"}],"about":[{"href":"https:\/\/adanruiz.com\/noticias\/wp-json\/wp\/v2\/types\/post"}],"author":[{"embeddable":true,"href":"https:\/\/adanruiz.com\/noticias\/wp-json\/wp\/v2\/users\/1"}],"replies":[{"embeddable":true,"href":"https:\/\/adanruiz.com\/noticias\/wp-json\/wp\/v2\/comments?post=16"}],"version-history":[{"count":1,"href":"https:\/\/adanruiz.com\/noticias\/wp-json\/wp\/v2\/posts\/16\/revisions"}],"predecessor-version":[{"id":18,"href":"https:\/\/adanruiz.com\/noticias\/wp-json\/wp\/v2\/posts\/16\/revisions\/18"}],"wp:attachment":[{"href":"https:\/\/adanruiz.com\/noticias\/wp-json\/wp\/v2\/media?parent=16"}],"wp:term":[{"taxonomy":"category","embeddable":true,"href":"https:\/\/adanruiz.com\/noticias\/wp-json\/wp\/v2\/categories?post=16"},{"taxonomy":"post_tag","embeddable":true,"href":"https:\/\/adanruiz.com\/noticias\/wp-json\/wp\/v2\/tags?post=16"}],"curies":[{"name":"wp","href":"https:\/\/api.w.org\/{rel}","templated":true}]}}