{"id":13,"date":"2019-02-23T21:00:27","date_gmt":"2019-02-23T21:00:27","guid":{"rendered":"https:\/\/adanruiz.com\/noticias\/?p=13"},"modified":"2019-03-01T21:08:53","modified_gmt":"2019-03-01T21:08:53","slug":"retratan-historias-la-voz-de-michoacan","status":"publish","type":"post","link":"https:\/\/adanruiz.com\/noticias\/retratan-historias-la-voz-de-michoacan\/","title":{"rendered":"&#8220;Retratan Historias&#8221; &#8211; La Voz de Michoac\u00e1n"},"content":{"rendered":"\n<p>&#8220;Los realizadores michoacanos en conversatorio sobre diversidad sexual exponen documentales&#8221;.<\/p>\n\n\n\n<figure class=\"wp-block-image\"><img loading=\"lazy\" decoding=\"async\" width=\"740\" height=\"824\" src=\"https:\/\/adanruiz.com\/noticias\/wp-content\/uploads\/2019\/03\/adan-ruiz-cine-morelia.jpg\" alt=\"\" class=\"wp-image-12\" srcset=\"https:\/\/adanruiz.com\/noticias\/wp-content\/uploads\/2019\/03\/adan-ruiz-cine-morelia.jpg 740w, https:\/\/adanruiz.com\/noticias\/wp-content\/uploads\/2019\/03\/adan-ruiz-cine-morelia-269x300.jpg 269w\" sizes=\"auto, (max-width: 740px) 100vw, 740px\" \/><\/figure>\n\n\n\n<p>Como parte de &#8220;Di\u00e1logos de Diversidad&#8221; en su programa continuo, el Centro Cultural Clavijero fue sede de un &#8220;Conversatorio con realizadores michoacanos&#8221;.<\/p>\n\n\n\n<p>Se proyect\u00f3: VALENT\u00d3N de Luis Armando Sosa Gil (Premio Guerrero de la prensa michoacana), LA MARIACHI de Ad\u00e1n Ru\u00edz (Menci\u00f3n Honor\u00edfica del III Programa de Diversidad Sexual de Morelia), Uli: SHOW DE MEDIANOCHE y ESTO ES LO QUE ME TOC\u00d3 de Alexa Guti\u00e9rrez (OJO de la Secci\u00f3n Michoacana del Festival Internacional de Cine de Morelia).<\/p>\n","protected":false},"excerpt":{"rendered":"<p>&#8220;Los realizadores michoacanos en conversatorio sobre diversidad sexual exponen documentales&#8221;. Como parte de &#8220;Di\u00e1logos de Diversidad&#8221; en su programa continuo, el Centro Cultural Clavijero fue sede de un &#8220;Conversatorio con realizadores michoacanos&#8221;. Se proyect\u00f3: VALENT\u00d3N de Luis Armando Sosa Gil (Premio Guerrero de la prensa michoacana), LA MARIACHI de Ad\u00e1n Ru\u00edz (Menci\u00f3n Honor\u00edfica del III [&hellip;]<\/p>\n","protected":false},"author":1,"featured_media":0,"comment_status":"open","ping_status":"open","sticky":false,"template":"","format":"standard","meta":{"footnotes":""},"categories":[3],"tags":[],"class_list":["post-13","post","type-post","status-publish","format-standard","hentry","category-prensa"],"_links":{"self":[{"href":"https:\/\/adanruiz.com\/noticias\/wp-json\/wp\/v2\/posts\/13","targetHints":{"allow":["GET"]}}],"collection":[{"href":"https:\/\/adanruiz.com\/noticias\/wp-json\/wp\/v2\/posts"}],"about":[{"href":"https:\/\/adanruiz.com\/noticias\/wp-json\/wp\/v2\/types\/post"}],"author":[{"embeddable":true,"href":"https:\/\/adanruiz.com\/noticias\/wp-json\/wp\/v2\/users\/1"}],"replies":[{"embeddable":true,"href":"https:\/\/adanruiz.com\/noticias\/wp-json\/wp\/v2\/comments?post=13"}],"version-history":[{"count":1,"href":"https:\/\/adanruiz.com\/noticias\/wp-json\/wp\/v2\/posts\/13\/revisions"}],"predecessor-version":[{"id":14,"href":"https:\/\/adanruiz.com\/noticias\/wp-json\/wp\/v2\/posts\/13\/revisions\/14"}],"wp:attachment":[{"href":"https:\/\/adanruiz.com\/noticias\/wp-json\/wp\/v2\/media?parent=13"}],"wp:term":[{"taxonomy":"category","embeddable":true,"href":"https:\/\/adanruiz.com\/noticias\/wp-json\/wp\/v2\/categories?post=13"},{"taxonomy":"post_tag","embeddable":true,"href":"https:\/\/adanruiz.com\/noticias\/wp-json\/wp\/v2\/tags?post=13"}],"curies":[{"name":"wp","href":"https:\/\/api.w.org\/{rel}","templated":true}]}}